{"id":20078,"date":"2024-03-31T18:32:08","date_gmt":"2024-03-31T18:32:08","guid":{"rendered":"https:\/\/inlingua-regensburg.de\/?p=20078"},"modified":"2024-03-31T18:32:15","modified_gmt":"2024-03-31T18:32:15","slug":"willkommen-bei-inlingua-regensburg-ihrer-sprachschule-fur-masgeschneiderte-vorbereitungskurse","status":"publish","type":"post","link":"https:\/\/inlingua-regensburg.de\/index.php\/2024\/03\/31\/willkommen-bei-inlingua-regensburg-ihrer-sprachschule-fur-masgeschneiderte-vorbereitungskurse\/","title":{"rendered":"Willkommen bei Inlingua Regensburg \u2013 Ihrer Sprachschule f\u00fcr ma\u00dfgeschneiderte Vorbereitungskurse!"},"content":{"rendered":"\n<p>M\u00f6chten Sie sich optimal auf die B2\/C1 Medizinpr\u00fcfung der \u00c4rztekammer Bayern vorbereiten? Dann sind Sie bei uns genau richtig! In nur 5 Wochen bieten wir Ihnen eine intensive und gezielte Vorbereitung auf diese anspruchsvolle Pr\u00fcfung.<\/p>\n\n\n\n<p>Unser bew\u00e4hrtes Lehrkonzept kombiniert fundierte Sprachkurse mit einem speziellen Fokus auf medizinisches Fachvokabular und pr\u00fcfungsrelevante Themen. Unter der Leitung erfahrener und hochqualifizierter Dozenten werden Sie nicht nur Ihre Deutschkenntnisse verbessern, sondern auch das n\u00f6tige Selbstvertrauen f\u00fcr die Pr\u00fcfung aufbauen.<\/p>\n\n\n\n<p>Warum sollten Sie sich f\u00fcr unsere Kurse entscheiden?<\/p>\n\n\n\n<ol class=\"wp-block-list\">\n<li><strong>Effizienz<\/strong>: Unser strukturierter Lehrplan wurde entwickelt, um Ihre Sprachkompetenz in k\u00fcrzester Zeit zu steigern.<\/li>\n\n\n\n<li><strong>Individuelle Betreuung<\/strong>: In kleinen Lerngruppen erhalten Sie eine pers\u00f6nliche Betreuung und k\u00f6nnen Ihre Fragen direkt mit den Dozenten kl\u00e4ren.<\/li>\n\n\n\n<li><strong>Praxisn\u00e4he<\/strong>: Wir legen gro\u00dfen Wert darauf, dass Sie nicht nur die Sprache beherrschen, sondern auch das Fachvokabular und die pr\u00fcfungsrelevanten F\u00e4higkeiten sicher anwenden k\u00f6nnen.<\/li>\n\n\n\n<li><strong>Flexibilit\u00e4t<\/strong>: Unsere Kurse sind so konzipiert, dass sie sich problemlos in Ihren Zeitplan integrieren lassen. Sie k\u00f6nnen w\u00e4hlen, ob Sie lieber am Vormittag oder am Abend teilnehmen m\u00f6chten.<\/li>\n\n\n\n<li><strong>Erfolgsgarantie<\/strong>: Wir sind \u00fcberzeugt von der Qualit\u00e4t unserer Kurse. Sollten Sie dennoch nicht zufrieden sein, bieten wir Ihnen eine Geld-zur\u00fcck-Garantie.<\/li>\n<\/ol>\n\n\n\n<p>Nutzen Sie diese einzigartige Gelegenheit, um sich optimal auf die B2\/C1 Medizinpr\u00fcfung der \u00c4rztekammer Bayern vorzubereiten und Ihre beruflichen Perspektiven zu erweitern. Kontaktieren Sie uns noch heute, um mehr \u00fcber unsere Kurse zu erfahren und sich anzumelden.<\/p>\n\n\n\n<p>Ihre Inlingua Sprachschule in Regensburg \u2013 Ihr Partner f\u00fcr erfolgreiche Sprachpr\u00fcfungen!<\/p>\n","protected":false},"excerpt":{"rendered":"<p>M\u00f6chten Sie sich optimal auf die B2\/C1 Medizinpr\u00fcfung der \u00c4rztekammer Bayern vorbereiten? Dann sind Sie bei uns genau richtig! In nur 5 Wochen bieten wir Ihnen eine intensive und gezielte Vorbereitung auf diese anspruchsvolle Pr\u00fcfung. Unser bew\u00e4hrtes Lehrkonzept kombiniert fundierte &hellip; <\/p>\n","protected":false},"author":1,"featured_media":0,"comment_status":"closed","ping_status":"closed","sticky":false,"template":"","format":"standard","meta":{"footnotes":""},"categories":[1],"tags":[],"class_list":["post-20078","post","type-post","status-publish","format-standard","hentry","category-uncategorized"],"yoast_head":"<!-- This site is optimized with the Yoast SEO plugin v26.4 - https:\/\/yoast.com\/wordpress\/plugins\/seo\/ -->\n<title>Willkommen bei Inlingua Regensburg \u2013 Ihrer Sprachschule f\u00fcr ma\u00dfgeschneiderte Vorbereitungskurse! - Inlingua Regensburg<\/title>\n<meta name=\"robots\" content=\"index, follow, max-snippet:-1, max-image-preview:large, max-video-preview:-1\" \/>\n<link rel=\"canonical\" href=\"https:\/\/inlingua-regensburg.de\/index.php\/2024\/03\/31\/willkommen-bei-inlingua-regensburg-ihrer-sprachschule-fur-masgeschneiderte-vorbereitungskurse\/\" \/>\n<meta property=\"og:locale\" content=\"de_DE\" \/>\n<meta property=\"og:type\" content=\"article\" \/>\n<meta property=\"og:title\" content=\"Willkommen bei Inlingua Regensburg \u2013 Ihrer Sprachschule f\u00fcr ma\u00dfgeschneiderte Vorbereitungskurse! - Inlingua Regensburg\" \/>\n<meta property=\"og:description\" content=\"M\u00f6chten Sie sich optimal auf die B2\/C1 Medizinpr\u00fcfung der \u00c4rztekammer Bayern vorbereiten? Dann sind Sie bei uns genau richtig! In nur 5 Wochen bieten wir Ihnen eine intensive und gezielte Vorbereitung auf diese anspruchsvolle Pr\u00fcfung. Unser bew\u00e4hrtes Lehrkonzept kombiniert fundierte &hellip;\" \/>\n<meta property=\"og:url\" content=\"https:\/\/inlingua-regensburg.de\/index.php\/2024\/03\/31\/willkommen-bei-inlingua-regensburg-ihrer-sprachschule-fur-masgeschneiderte-vorbereitungskurse\/\" \/>\n<meta property=\"og:site_name\" content=\"Inlingua Regensburg\" \/>\n<meta property=\"article:publisher\" content=\"https:\/\/www.facebook.com\/inlinguaRegensburg\" \/>\n<meta property=\"article:published_time\" content=\"2024-03-31T18:32:08+00:00\" \/>\n<meta property=\"article:modified_time\" content=\"2024-03-31T18:32:15+00:00\" \/>\n<meta name=\"author\" content=\"admin\" \/>\n<meta name=\"twitter:card\" content=\"summary_large_image\" \/>\n<meta name=\"twitter:label1\" content=\"Verfasst von\" \/>\n\t<meta name=\"twitter:data1\" content=\"admin\" \/>\n\t<meta name=\"twitter:label2\" content=\"Gesch\u00e4tzte Lesezeit\" \/>\n\t<meta name=\"twitter:data2\" content=\"2\u00a0Minuten\" \/>\n<script type=\"application\/ld+json\" class=\"yoast-schema-graph\">{\"@context\":\"https:\/\/schema.org\",\"@graph\":[{\"@type\":\"Article\",\"@id\":\"https:\/\/inlingua-regensburg.de\/index.php\/2024\/03\/31\/willkommen-bei-inlingua-regensburg-ihrer-sprachschule-fur-masgeschneiderte-vorbereitungskurse\/#article\",\"isPartOf\":{\"@id\":\"https:\/\/inlingua-regensburg.de\/index.php\/2024\/03\/31\/willkommen-bei-inlingua-regensburg-ihrer-sprachschule-fur-masgeschneiderte-vorbereitungskurse\/\"},\"author\":{\"name\":\"admin\",\"@id\":\"https:\/\/inlingua-regensburg.de\/#\/schema\/person\/ad9701f3e62fad815e16de95cc829828\"},\"headline\":\"Willkommen bei Inlingua Regensburg \u2013 Ihrer Sprachschule f\u00fcr ma\u00dfgeschneiderte Vorbereitungskurse!\",\"datePublished\":\"2024-03-31T18:32:08+00:00\",\"dateModified\":\"2024-03-31T18:32:15+00:00\",\"mainEntityOfPage\":{\"@id\":\"https:\/\/inlingua-regensburg.de\/index.php\/2024\/03\/31\/willkommen-bei-inlingua-regensburg-ihrer-sprachschule-fur-masgeschneiderte-vorbereitungskurse\/\"},\"wordCount\":273,\"publisher\":{\"@id\":\"https:\/\/inlingua-regensburg.de\/#organization\"},\"articleSection\":[\"Uncategorized\"],\"inLanguage\":\"de\"},{\"@type\":\"WebPage\",\"@id\":\"https:\/\/inlingua-regensburg.de\/index.php\/2024\/03\/31\/willkommen-bei-inlingua-regensburg-ihrer-sprachschule-fur-masgeschneiderte-vorbereitungskurse\/\",\"url\":\"https:\/\/inlingua-regensburg.de\/index.php\/2024\/03\/31\/willkommen-bei-inlingua-regensburg-ihrer-sprachschule-fur-masgeschneiderte-vorbereitungskurse\/\",\"name\":\"Willkommen bei Inlingua Regensburg \u2013 Ihrer Sprachschule f\u00fcr ma\u00dfgeschneiderte Vorbereitungskurse! - Inlingua Regensburg\",\"isPartOf\":{\"@id\":\"https:\/\/inlingua-regensburg.de\/#website\"},\"datePublished\":\"2024-03-31T18:32:08+00:00\",\"dateModified\":\"2024-03-31T18:32:15+00:00\",\"breadcrumb\":{\"@id\":\"https:\/\/inlingua-regensburg.de\/index.php\/2024\/03\/31\/willkommen-bei-inlingua-regensburg-ihrer-sprachschule-fur-masgeschneiderte-vorbereitungskurse\/#breadcrumb\"},\"inLanguage\":\"de\",\"potentialAction\":[{\"@type\":\"ReadAction\",\"target\":[\"https:\/\/inlingua-regensburg.de\/index.php\/2024\/03\/31\/willkommen-bei-inlingua-regensburg-ihrer-sprachschule-fur-masgeschneiderte-vorbereitungskurse\/\"]}]},{\"@type\":\"BreadcrumbList\",\"@id\":\"https:\/\/inlingua-regensburg.de\/index.php\/2024\/03\/31\/willkommen-bei-inlingua-regensburg-ihrer-sprachschule-fur-masgeschneiderte-vorbereitungskurse\/#breadcrumb\",\"itemListElement\":[{\"@type\":\"ListItem\",\"position\":1,\"name\":\"Home\",\"item\":\"https:\/\/inlingua-regensburg.de\/\"},{\"@type\":\"ListItem\",\"position\":2,\"name\":\"Willkommen bei Inlingua Regensburg \u2013 Ihrer Sprachschule f\u00fcr ma\u00dfgeschneiderte Vorbereitungskurse!\"}]},{\"@type\":\"WebSite\",\"@id\":\"https:\/\/inlingua-regensburg.de\/#website\",\"url\":\"https:\/\/inlingua-regensburg.de\/\",\"name\":\"Inlingua Regensburg\",\"description\":\"inlingua ist eines der gr\u00f6\u00dften Netzwerke f\u00fcr fremdsprachliche Aus- und Weiterbildung weltweit.\",\"publisher\":{\"@id\":\"https:\/\/inlingua-regensburg.de\/#organization\"},\"potentialAction\":[{\"@type\":\"SearchAction\",\"target\":{\"@type\":\"EntryPoint\",\"urlTemplate\":\"https:\/\/inlingua-regensburg.de\/?s={search_term_string}\"},\"query-input\":{\"@type\":\"PropertyValueSpecification\",\"valueRequired\":true,\"valueName\":\"search_term_string\"}}],\"inLanguage\":\"de\"},{\"@type\":\"Organization\",\"@id\":\"https:\/\/inlingua-regensburg.de\/#organization\",\"name\":\"Inlingua Regensburg\",\"url\":\"https:\/\/inlingua-regensburg.de\/\",\"logo\":{\"@type\":\"ImageObject\",\"inLanguage\":\"de\",\"@id\":\"https:\/\/inlingua-regensburg.de\/#\/schema\/logo\/image\/\",\"url\":\"https:\/\/inlingua-regensburg.de\/wp-content\/uploads\/2022\/06\/1601467324747-removebg-preview.png\",\"contentUrl\":\"https:\/\/inlingua-regensburg.de\/wp-content\/uploads\/2022\/06\/1601467324747-removebg-preview.png\",\"width\":200,\"height\":200,\"caption\":\"Inlingua Regensburg\"},\"image\":{\"@id\":\"https:\/\/inlingua-regensburg.de\/#\/schema\/logo\/image\/\"},\"sameAs\":[\"https:\/\/www.facebook.com\/inlinguaRegensburg\"]},{\"@type\":\"Person\",\"@id\":\"https:\/\/inlingua-regensburg.de\/#\/schema\/person\/ad9701f3e62fad815e16de95cc829828\",\"name\":\"admin\",\"image\":{\"@type\":\"ImageObject\",\"inLanguage\":\"de\",\"@id\":\"https:\/\/inlingua-regensburg.de\/#\/schema\/person\/image\/\",\"url\":\"https:\/\/secure.gravatar.com\/avatar\/f68458f2f78ffddfaa6e863de2abfec6a3a535d3684dfb9acf65934fa311596b?s=96&d=mm&r=g\",\"contentUrl\":\"https:\/\/secure.gravatar.com\/avatar\/f68458f2f78ffddfaa6e863de2abfec6a3a535d3684dfb9acf65934fa311596b?s=96&d=mm&r=g\",\"caption\":\"admin\"},\"sameAs\":[\"https:\/\/inlingua-regensburg.de\"],\"url\":\"https:\/\/inlingua-regensburg.de\/index.php\/author\/info_zuzk69nt\/\"}]}<\/script>\n<!-- \/ Yoast SEO plugin. -->","yoast_head_json":{"title":"Willkommen bei Inlingua Regensburg \u2013 Ihrer Sprachschule f\u00fcr ma\u00dfgeschneiderte Vorbereitungskurse! - Inlingua Regensburg","robots":{"index":"index","follow":"follow","max-snippet":"max-snippet:-1","max-image-preview":"max-image-preview:large","max-video-preview":"max-video-preview:-1"},"canonical":"https:\/\/inlingua-regensburg.de\/index.php\/2024\/03\/31\/willkommen-bei-inlingua-regensburg-ihrer-sprachschule-fur-masgeschneiderte-vorbereitungskurse\/","og_locale":"de_DE","og_type":"article","og_title":"Willkommen bei Inlingua Regensburg \u2013 Ihrer Sprachschule f\u00fcr ma\u00dfgeschneiderte Vorbereitungskurse! - Inlingua Regensburg","og_description":"M\u00f6chten Sie sich optimal auf die B2\/C1 Medizinpr\u00fcfung der \u00c4rztekammer Bayern vorbereiten? Dann sind Sie bei uns genau richtig! In nur 5 Wochen bieten wir Ihnen eine intensive und gezielte Vorbereitung auf diese anspruchsvolle Pr\u00fcfung. Unser bew\u00e4hrtes Lehrkonzept kombiniert fundierte &hellip;","og_url":"https:\/\/inlingua-regensburg.de\/index.php\/2024\/03\/31\/willkommen-bei-inlingua-regensburg-ihrer-sprachschule-fur-masgeschneiderte-vorbereitungskurse\/","og_site_name":"Inlingua Regensburg","article_publisher":"https:\/\/www.facebook.com\/inlinguaRegensburg","article_published_time":"2024-03-31T18:32:08+00:00","article_modified_time":"2024-03-31T18:32:15+00:00","author":"admin","twitter_card":"summary_large_image","twitter_misc":{"Verfasst von":"admin","Gesch\u00e4tzte Lesezeit":"2\u00a0Minuten"},"schema":{"@context":"https:\/\/schema.org","@graph":[{"@type":"Article","@id":"https:\/\/inlingua-regensburg.de\/index.php\/2024\/03\/31\/willkommen-bei-inlingua-regensburg-ihrer-sprachschule-fur-masgeschneiderte-vorbereitungskurse\/#article","isPartOf":{"@id":"https:\/\/inlingua-regensburg.de\/index.php\/2024\/03\/31\/willkommen-bei-inlingua-regensburg-ihrer-sprachschule-fur-masgeschneiderte-vorbereitungskurse\/"},"author":{"name":"admin","@id":"https:\/\/inlingua-regensburg.de\/#\/schema\/person\/ad9701f3e62fad815e16de95cc829828"},"headline":"Willkommen bei Inlingua Regensburg \u2013 Ihrer Sprachschule f\u00fcr ma\u00dfgeschneiderte Vorbereitungskurse!","datePublished":"2024-03-31T18:32:08+00:00","dateModified":"2024-03-31T18:32:15+00:00","mainEntityOfPage":{"@id":"https:\/\/inlingua-regensburg.de\/index.php\/2024\/03\/31\/willkommen-bei-inlingua-regensburg-ihrer-sprachschule-fur-masgeschneiderte-vorbereitungskurse\/"},"wordCount":273,"publisher":{"@id":"https:\/\/inlingua-regensburg.de\/#organization"},"articleSection":["Uncategorized"],"inLanguage":"de"},{"@type":"WebPage","@id":"https:\/\/inlingua-regensburg.de\/index.php\/2024\/03\/31\/willkommen-bei-inlingua-regensburg-ihrer-sprachschule-fur-masgeschneiderte-vorbereitungskurse\/","url":"https:\/\/inlingua-regensburg.de\/index.php\/2024\/03\/31\/willkommen-bei-inlingua-regensburg-ihrer-sprachschule-fur-masgeschneiderte-vorbereitungskurse\/","name":"Willkommen bei Inlingua Regensburg \u2013 Ihrer Sprachschule f\u00fcr ma\u00dfgeschneiderte Vorbereitungskurse! - Inlingua Regensburg","isPartOf":{"@id":"https:\/\/inlingua-regensburg.de\/#website"},"datePublished":"2024-03-31T18:32:08+00:00","dateModified":"2024-03-31T18:32:15+00:00","breadcrumb":{"@id":"https:\/\/inlingua-regensburg.de\/index.php\/2024\/03\/31\/willkommen-bei-inlingua-regensburg-ihrer-sprachschule-fur-masgeschneiderte-vorbereitungskurse\/#breadcrumb"},"inLanguage":"de","potentialAction":[{"@type":"ReadAction","target":["https:\/\/inlingua-regensburg.de\/index.php\/2024\/03\/31\/willkommen-bei-inlingua-regensburg-ihrer-sprachschule-fur-masgeschneiderte-vorbereitungskurse\/"]}]},{"@type":"BreadcrumbList","@id":"https:\/\/inlingua-regensburg.de\/index.php\/2024\/03\/31\/willkommen-bei-inlingua-regensburg-ihrer-sprachschule-fur-masgeschneiderte-vorbereitungskurse\/#breadcrumb","itemListElement":[{"@type":"ListItem","position":1,"name":"Home","item":"https:\/\/inlingua-regensburg.de\/"},{"@type":"ListItem","position":2,"name":"Willkommen bei Inlingua Regensburg \u2013 Ihrer Sprachschule f\u00fcr ma\u00dfgeschneiderte Vorbereitungskurse!"}]},{"@type":"WebSite","@id":"https:\/\/inlingua-regensburg.de\/#website","url":"https:\/\/inlingua-regensburg.de\/","name":"Inlingua Regensburg","description":"inlingua ist eines der gr\u00f6\u00dften Netzwerke f\u00fcr fremdsprachliche Aus- und Weiterbildung weltweit.","publisher":{"@id":"https:\/\/inlingua-regensburg.de\/#organization"},"potentialAction":[{"@type":"SearchAction","target":{"@type":"EntryPoint","urlTemplate":"https:\/\/inlingua-regensburg.de\/?s={search_term_string}"},"query-input":{"@type":"PropertyValueSpecification","valueRequired":true,"valueName":"search_term_string"}}],"inLanguage":"de"},{"@type":"Organization","@id":"https:\/\/inlingua-regensburg.de\/#organization","name":"Inlingua Regensburg","url":"https:\/\/inlingua-regensburg.de\/","logo":{"@type":"ImageObject","inLanguage":"de","@id":"https:\/\/inlingua-regensburg.de\/#\/schema\/logo\/image\/","url":"https:\/\/inlingua-regensburg.de\/wp-content\/uploads\/2022\/06\/1601467324747-removebg-preview.png","contentUrl":"https:\/\/inlingua-regensburg.de\/wp-content\/uploads\/2022\/06\/1601467324747-removebg-preview.png","width":200,"height":200,"caption":"Inlingua Regensburg"},"image":{"@id":"https:\/\/inlingua-regensburg.de\/#\/schema\/logo\/image\/"},"sameAs":["https:\/\/www.facebook.com\/inlinguaRegensburg"]},{"@type":"Person","@id":"https:\/\/inlingua-regensburg.de\/#\/schema\/person\/ad9701f3e62fad815e16de95cc829828","name":"admin","image":{"@type":"ImageObject","inLanguage":"de","@id":"https:\/\/inlingua-regensburg.de\/#\/schema\/person\/image\/","url":"https:\/\/secure.gravatar.com\/avatar\/f68458f2f78ffddfaa6e863de2abfec6a3a535d3684dfb9acf65934fa311596b?s=96&d=mm&r=g","contentUrl":"https:\/\/secure.gravatar.com\/avatar\/f68458f2f78ffddfaa6e863de2abfec6a3a535d3684dfb9acf65934fa311596b?s=96&d=mm&r=g","caption":"admin"},"sameAs":["https:\/\/inlingua-regensburg.de"],"url":"https:\/\/inlingua-regensburg.de\/index.php\/author\/info_zuzk69nt\/"}]}},"_links":{"self":[{"href":"https:\/\/inlingua-regensburg.de\/index.php\/wp-json\/wp\/v2\/posts\/20078","targetHints":{"allow":["GET"]}}],"collection":[{"href":"https:\/\/inlingua-regensburg.de\/index.php\/wp-json\/wp\/v2\/posts"}],"about":[{"href":"https:\/\/inlingua-regensburg.de\/index.php\/wp-json\/wp\/v2\/types\/post"}],"author":[{"embeddable":true,"href":"https:\/\/inlingua-regensburg.de\/index.php\/wp-json\/wp\/v2\/users\/1"}],"replies":[{"embeddable":true,"href":"https:\/\/inlingua-regensburg.de\/index.php\/wp-json\/wp\/v2\/comments?post=20078"}],"version-history":[{"count":0,"href":"https:\/\/inlingua-regensburg.de\/index.php\/wp-json\/wp\/v2\/posts\/20078\/revisions"}],"wp:attachment":[{"href":"https:\/\/inlingua-regensburg.de\/index.php\/wp-json\/wp\/v2\/media?parent=20078"}],"wp:term":[{"taxonomy":"category","embeddable":true,"href":"https:\/\/inlingua-regensburg.de\/index.php\/wp-json\/wp\/v2\/categories?post=20078"},{"taxonomy":"post_tag","embeddable":true,"href":"https:\/\/inlingua-regensburg.de\/index.php\/wp-json\/wp\/v2\/tags?post=20078"}],"curies":[{"name":"wp","href":"https:\/\/api.w.org\/{rel}","templated":true}]}}